{"id":54,"date":"2013-03-10T07:57:33","date_gmt":"2013-03-10T07:57:33","guid":{"rendered":"http:\/\/www.nerven-praxis.de\/patblog\/?p=54"},"modified":"2017-07-07T17:27:30","modified_gmt":"2017-07-07T17:27:30","slug":"alter-50-vergessen-alzheimer","status":"publish","type":"post","link":"https:\/\/www.nerven-praxis.de\/patblog\/2013\/03\/10\/alter-50-vergessen-alzheimer\/","title":{"rendered":"Aktuelles Wissen: Ged\u00e4chtnisst\u00f6rung und Demenz"},"content":{"rendered":"<p>Dr. Richard Ippisch<\/p>\n<div style=\"text-align: left;\">\n<p>Sie sind zu Fu\u00df unterwegs und sehen schon von weitem jemanden auf Sie zukommen, der Sie erwartungsvoll anl\u00e4chelt. Sie wissen, Sie kennen diese Person, aber der Name...wie war doch gleich der Name ?<\/p>\n<p>Sie erleben solche Situationen in letzter Zeit h\u00e4ufiger.\u00a0 Da Sie nicht mehr ganz jung sind fangen Sie an, sich Sorgen zu machen und sich selbst zu beobachten. Tats\u00e4chlich verlegen Sie doch immer wieder und\u00a0h\u00e4ufiger als fr\u00fcher Ihre Brille oder Ihren Schl\u00fcssel. Ja, selbst an den spannenden Fernsehfilm, den Sie vor 2 Jahren schon gesehen haben k\u00f6nnen Sie sich nur noch bruchst\u00fcckhaft erinnern.<br \/>\nIhr Hausarzt nimmt Ihre Bedenken ernst und \u00fcberweist Sie zum Neurologen.<!--more--><\/p>\n<p>Dieser macht zu Ihrer Beruhigung ein oder zwei Tests mit ganz normalem Ergebnis.<\/p>\n<p>Tats\u00e4chlich sind alle gerade geschilderten \"Ged\u00e4chtnisst\u00f6rungen\" in jedem Alter v\u00f6llig normal. Unser Gehirn vergisst st\u00e4ndig und vor allem diejenigen Inhalte, die l\u00e4nger nicht mehr abgerufen bzw. aufgefrischt wurden.<\/p>\n<p>Wenn Sie einen Computer haben, wissen Sie, wie rasch sich eigentlich nicht mehr ben\u00f6tigte Daten ansammeln und die Festplatte Ihres Rechners \"vollm\u00fcllen\". Unser Gehirn ist dagegen sehr effektiv im Ordnunghalten aufgenommener Informationen: \u00dcberfl\u00fcssiges wird umgehend gel\u00f6scht, nicht mehr Ben\u00f6tigtes nach kurzer Zeit aussortiert. Dauerhaft merken wir uns nur Dinge, die wir kurzfristig wiederholen bzw. immer wieder brauchen, \u00fcber die wir intensiv nachdenken oder die f\u00fcr uns gro\u00dfe emotionale Bedeutung haben.<br \/>\nWenn wir Gegenst\u00e4nde ablegen und dabei mit den Gedanken woanders sind, wird der Ort der Ablage erst gar nicht gespeichert, so dass wir uns schon kurz danach nicht mehr daran erinnern k\u00f6nnen.<\/p>\n<p>Auch mit 20 erinnert man sich nicht an Namen oder verlegt Dinge, man vergisst aber auch das gleich wieder. Ist man dagegen \u00e4lter, macht man sich Sorgen, was wiederum dazu f\u00fchrt, dass man sich diese allt\u00e4glichen Episoden alle merkt.<\/p>\n<p><strong>Ged\u00e4chtnisst\u00f6rung + Alter &gt; 50 = Demenz ?<\/strong><\/p>\n<p>Wann aber wird eine Ged\u00e4chtnisst\u00f6rung krankhaft, so dass man tats\u00e4chlich an eine beginnende Demenz z.B. vom Alzheimer-Typ denken muss ?<\/p>\n<p>Eine Demenz liegt erst dann vor, wenn Ged\u00e4chtnisst\u00f6rungen in einer Schwere und H\u00e4ufigkeit auftreten, die den Betroffenen in seiner sozialen Umgebung und seiner Alltagsbew\u00e4ltigung erkennbar beeintr\u00e4chtigen. Wenn jemand zum Beispiel in einer ihm\/ihr eigentlich vertrauten Umgebung Wege nicht mehr wei\u00df, immer wieder und mehrfach hintereinander das Gleiche fragt, neuerdings Probleme im Umgang mit ihm schon lange bekannten, technischen Ger\u00e4ten oder Abl\u00e4ufen hat, dann allerdings sollte eine gezielte neurologische Testuntersuchung erfolgen.<\/p>\n<p>Auch in diesen F\u00e4llen handelt es sich jedoch nicht immer um eine beginnende Alzheimer-Erkrankung. So manche St\u00f6rung kann auch eine ganz andere Ursache haben, z.B. eine Schilddr\u00fcsenfunktionsst\u00f6rung, einen Vitaminmangel, eine unterschwellige Depression oder auch eine schleichende Hirninfektion, die alle gut behandelbar sind, aber oft nur vom Facharzt erkannt werden.<\/p>\n<p>Wenn Sie also das Gef\u00fchl haben, dass Ihre Probleme \u00fcber das oben beschriebene, allt\u00e4gliche Vergessen hinaus gehen, lassen Sie sich von einem Neurologen untersuchen und individuell beraten.<\/p>\n<p>&nbsp;<\/p>\n<\/div>\n","protected":false},"excerpt":{"rendered":"<p>Dr. Richard Ippisch Sie sind zu Fu\u00df unterwegs und sehen schon von weitem jemanden auf Sie zukommen, der Sie erwartungsvoll anl\u00e4chelt. Sie wissen, Sie kennen diese Person, aber der Name...wie war doch gleich der Name ? Sie erleben solche Situationen in letzter Zeit h\u00e4ufiger.\u00a0 Da Sie nicht mehr ganz jung sind fangen Sie an, sich <a class=\"read-more\" href=\"https:\/\/www.nerven-praxis.de\/patblog\/2013\/03\/10\/alter-50-vergessen-alzheimer\/\">... weiterlesen <span class=\"meta-nav\">&rarr;<\/span><\/a><\/p>\n","protected":false},"author":1,"featured_media":0,"comment_status":"open","ping_status":"open","sticky":false,"template":"","format":"standard","meta":{"jetpack_post_was_ever_published":false,"jetpack_publicize_message":"","jetpack_is_tweetstorm":false,"jetpack_publicize_feature_enabled":true,"jetpack_social_post_already_shared":false,"jetpack_social_options":{"image_generator_settings":{"template":"highway","enabled":false}}},"categories":[4],"tags":[],"jetpack_publicize_connections":[],"jetpack_featured_media_url":"","jetpack_shortlink":"https:\/\/wp.me\/p3gB5Z-S","jetpack_sharing_enabled":true,"_links":{"self":[{"href":"https:\/\/www.nerven-praxis.de\/patblog\/wp-json\/wp\/v2\/posts\/54"}],"collection":[{"href":"https:\/\/www.nerven-praxis.de\/patblog\/wp-json\/wp\/v2\/posts"}],"about":[{"href":"https:\/\/www.nerven-praxis.de\/patblog\/wp-json\/wp\/v2\/types\/post"}],"author":[{"embeddable":true,"href":"https:\/\/www.nerven-praxis.de\/patblog\/wp-json\/wp\/v2\/users\/1"}],"replies":[{"embeddable":true,"href":"https:\/\/www.nerven-praxis.de\/patblog\/wp-json\/wp\/v2\/comments?post=54"}],"version-history":[{"count":27,"href":"https:\/\/www.nerven-praxis.de\/patblog\/wp-json\/wp\/v2\/posts\/54\/revisions"}],"predecessor-version":[{"id":576,"href":"https:\/\/www.nerven-praxis.de\/patblog\/wp-json\/wp\/v2\/posts\/54\/revisions\/576"}],"wp:attachment":[{"href":"https:\/\/www.nerven-praxis.de\/patblog\/wp-json\/wp\/v2\/media?parent=54"}],"wp:term":[{"taxonomy":"category","embeddable":true,"href":"https:\/\/www.nerven-praxis.de\/patblog\/wp-json\/wp\/v2\/categories?post=54"},{"taxonomy":"post_tag","embeddable":true,"href":"https:\/\/www.nerven-praxis.de\/patblog\/wp-json\/wp\/v2\/tags?post=54"}],"curies":[{"name":"wp","href":"https:\/\/api.w.org\/{rel}","templated":true}]}}